{"id":582,"date":"2023-05-23T08:54:33","date_gmt":"2023-05-23T06:54:33","guid":{"rendered":"https:\/\/www.betaimages.de\/stiftung\/?p=582"},"modified":"2023-05-23T11:18:31","modified_gmt":"2023-05-23T09:18:31","slug":"news","status":"publish","type":"post","link":"http:\/\/www.betaimages.de\/stiftung\/2023\/05\/23\/news\/","title":{"rendered":"News"},"content":{"rendered":"\n<p class=\"has-text-align-center has-vivid-red-color has-text-color has-medium-font-size\" style=\"font-style:normal;font-weight:400\">WICHTIGE INFORMATION:<br><br>FOLGENDE TERMINE F\u00dcR DIE HERBIZID BEHANDLUNG SIND VORGESEHEN:<br>BAHNEN 1 &#8211; 9 SIND VORAUSSICHTLICH AM 31.05. UND 01.06.2023 GESPERRT!<br>DIE BAHNEN 10 &#8211; 18 SIND VORAUSSICHTLICH AM 05.06. UND 06.06.2023 GESPERRT!<br><br>WIR DANKEN F\u00dcR IHR VERST\u00c4NDNIS<br>IHR TEAM DER GESCH\u00c4FTSSTELLE GOLFPLATZ HEDDESHEIM GUT NEUZENHOF<\/p>\n\n\n\n<h4 class=\"wp-block-heading has-text-align-center has-text-color has-medium-font-size\" style=\"color:#166151;font-style:normal;font-weight:400\">GUTPERLE OPEN 2023<br>ANMELDUNG AB SOFORT M\u00d6GLICH:<\/h4>\n\n\n\n<p class=\"has-text-align-center has-text-color has-medium-font-size\" style=\"color:#676767;font-style:normal;font-weight:500\"><a href=\"https:\/\/gc-heddesheim.de\/wp-content\/uploads\/2023\/05\/Einladungsanschreiben-Gutperle-Open-2023.pdf\">Hier geht es zur Einladung<\/a><\/p>\n\n\n\n<p class=\"has-text-align-center has-text-color has-medium-font-size\" style=\"color:#676767;font-style:normal;font-weight:500\"><a href=\"https:\/\/gc-heddesheim.de\/wp-content\/uploads\/2023\/05\/Ausschreibung_Anmeldung-GO-2023_NEU-und-FINAL.pdf\">Hier geht es zu der Ausschreibung und den Anmeldungsformularen<\/a><\/p>\n\n\n\n<h4 class=\"wp-block-heading has-text-align-center has-text-color has-medium-font-size\" style=\"color:#166151;font-style:normal;font-weight:400\">WIR GRATULIEREN ZU DEN ERSTEN ERFOLGEN<br>IN DER SAISON 2023!<\/h4>\n\n\n\n<p class=\"has-text-align-center has-medium-font-size\">BWMM im GC Tuniberg<\/p>\n\n\n\n<p class=\"has-text-align-center has-medium-font-size\">Bronze f\u00fcr die 1. Herrenmannschaft<\/p>\n\n\n<div class=\"wp-block-image\">\n<figure class=\"aligncenter\"><img decoding=\"async\" src=\"https:\/\/gc-heddesheim.de\/wp-content\/uploads\/2023\/05\/PHOTO-2023-04-30-16-16-56-300x225.jpg\" alt=\"\" class=\"wp-image-5617\"\/><\/figure>\n<\/div>\n\n\n<div style=\"height:20px\" aria-hidden=\"true\" class=\"wp-block-spacer\"><\/div>\n\n\n\n<p class=\"has-text-align-center has-medium-font-size\">Generalprobe gegl\u00fcckt &#8211; Jetzt kann auch die 2. Bundesliga Saison am 13. Mai beginnen!<\/p>\n\n\n\n<p class=\"has-text-align-center has-text-color has-medium-font-size\" style=\"color:#676767;font-style:normal;font-weight:500\"><a href=\"https:\/\/gc-heddesheim.de\/wp-content\/uploads\/2023\/05\/Zugang-fuer-Zuschauer-zum-Livescoring-2023-neu.pdf\">Hier geht es zu dem QR Code f\u00fcr das Livescoring<\/a><\/p>\n\n\n\n<p class=\"has-text-align-center has-text-color has-medium-font-size\" style=\"color:#676767;font-style:normal;font-weight:500\"><a href=\"https:\/\/gc-heddesheim.de\/wp-content\/uploads\/2023\/05\/2023-05-09-Erste-Erfoge-.pdf\">Hier geht es zu den Siegern der Ranglisten<\/a>&nbsp;&nbsp;<\/p>\n\n\n\n<h4 class=\"wp-block-heading has-text-align-center has-text-color has-medium-font-size\" style=\"color:#166151;font-style:normal;font-weight:400\">NEWSLETTER VOM 05.05.2023<br>PLATZARBEITEN &#8211; BEHANDLUNG MIT HERBIZIDEN<\/h4>\n\n\n\n<p class=\"has-text-align-center has-text-color has-medium-font-size\" style=\"color:#676767;font-style:normal;font-weight:500\"><a href=\"https:\/\/gc-heddesheim.de\/wp-content\/uploads\/2023\/05\/Newsletter-vom-05.05.2023-Behandlung-mit-Herbiziden.pdf\">HIER GEHT ES ZUM NEWSLETTER<\/a><\/p>\n\n\n\n<h4 class=\"wp-block-heading has-text-align-center has-vivid-red-color has-text-color has-medium-font-size\" style=\"font-style:normal;font-weight:400\">SEHR GEEHRTE DAMEN UND HERREN,<br><br>AB MONTAG, DEN 17.04.2023 WIRD DIE DRIVING RANGE F\u00dcR DAS FREIE TRAINING\u00a0<br>WIEDER GE\u00d6FFNET.<br>BITTE BER\u00dcCKSICHTIGEN SIE, DASS NUR VON DEN MATTEN ABGESCHLAGEN WERDEN DARF!<\/h4>\n","protected":false},"excerpt":{"rendered":"<p>WICHTIGE INFORMATION: FOLGENDE TERMINE F\u00dcR DIE HERBIZID BEHANDLUNG SIND VORGESEHEN:BAHNEN 1 &#8211; 9 SIND VORAUSSICHTLICH AM 31.05. UND 01.06.2023 GESPERRT!DIE BAHNEN 10 &#8211; 18 SIND VORAUSSICHTLICH AM 05.06. UND 06.06.2023 GESPERRT! WIR DANKEN F\u00dcR IHR VERST\u00c4NDNISIHR TEAM DER GESCH\u00c4FTSSTELLE GOLFPLATZ HEDDESHEIM GUT NEUZENHOF GUTPERLE OPEN 2023ANMELDUNG AB SOFORT M\u00d6GLICH: Hier geht es zur Einladung Hier&hellip;<\/p>\n","protected":false},"author":1,"featured_media":0,"comment_status":"closed","ping_status":"closed","sticky":true,"template":"","format":"standard","meta":{"footnotes":""},"categories":[11],"tags":[],"post_series":[10],"class_list":["post-582","post","type-post","status-publish","format-standard","hentry","category-news","post_series-news","entry","no-media","sticky"],"_links":{"self":[{"href":"http:\/\/www.betaimages.de\/stiftung\/wp-json\/wp\/v2\/posts\/582","targetHints":{"allow":["GET"]}}],"collection":[{"href":"http:\/\/www.betaimages.de\/stiftung\/wp-json\/wp\/v2\/posts"}],"about":[{"href":"http:\/\/www.betaimages.de\/stiftung\/wp-json\/wp\/v2\/types\/post"}],"author":[{"embeddable":true,"href":"http:\/\/www.betaimages.de\/stiftung\/wp-json\/wp\/v2\/users\/1"}],"replies":[{"embeddable":true,"href":"http:\/\/www.betaimages.de\/stiftung\/wp-json\/wp\/v2\/comments?post=582"}],"version-history":[{"count":8,"href":"http:\/\/www.betaimages.de\/stiftung\/wp-json\/wp\/v2\/posts\/582\/revisions"}],"predecessor-version":[{"id":618,"href":"http:\/\/www.betaimages.de\/stiftung\/wp-json\/wp\/v2\/posts\/582\/revisions\/618"}],"wp:attachment":[{"href":"http:\/\/www.betaimages.de\/stiftung\/wp-json\/wp\/v2\/media?parent=582"}],"wp:term":[{"taxonomy":"category","embeddable":true,"href":"http:\/\/www.betaimages.de\/stiftung\/wp-json\/wp\/v2\/categories?post=582"},{"taxonomy":"post_tag","embeddable":true,"href":"http:\/\/www.betaimages.de\/stiftung\/wp-json\/wp\/v2\/tags?post=582"},{"taxonomy":"post_series","embeddable":true,"href":"http:\/\/www.betaimages.de\/stiftung\/wp-json\/wp\/v2\/post_series?post=582"}],"curies":[{"name":"wp","href":"https:\/\/api.w.org\/{rel}","templated":true}]}}